{"id":85,"date":"2026-08-07T02:25:09","date_gmt":"2026-08-07T00:25:09","guid":{"rendered":"https:\/\/businesssydjylland.dk\/?p=85"},"modified":"2026-08-07T02:25:09","modified_gmt":"2026-08-07T00:25:09","slug":"business-i-sydjylland-efterspoergsel-job-og-nye-regler-praegede-maaneden","status":"publish","type":"post","link":"https:\/\/businesssydjylland.dk\/?p=85","title":{"rendered":"Business i Sydjylland: Eftersp\u00f8rgsel, job og nye regler pr\u00e6gede m\u00e5neden"},"content":{"rendered":"<p>I juli 2026 var erhvervslivet i Sydjylland Kommune pr\u00e6get af en blanding af kortsigtet usikkerhed og l\u00e6ngerevarende tilpasninger. P\u00e5 landsplan steg erhvervstillidsindikatoren til 105,4 i juli, men Danmarks Statistik pegede samtidig p\u00e5, at mangel p\u00e5 eftersp\u00f8rgsel fortsat var den mest udbredte begr\u00e6nsning for virksomhedernes produktion p\u00e5 tv\u00e6rs af industri, byggeri og service. For virksomheder i Sydjylland Kommune bet\u00f8d det, at aktiviteten i h\u00f8j grad blev vurderet ud fra ordreb\u00f8ger, markedsadgang og muligheden for at oms\u00e6tte eksisterende kapacitet til salg.[1]<\/p>\n<p>Den lokale erhvervshistorie i m\u00e5neden blev derfor ikke formet af \u00e9n enkelt stor begivenhed, men af samspillet mellem konjunkturer, besk\u00e6ftigelsesregler og kommunens egne rammevilk\u00e5r. I en kommune med b\u00e5de virksomheder, der arbejder t\u00e6t p\u00e5 den offentlige sektor, og virksomheder, der er afh\u00e6ngige af regional handel, byggeri og service, havde juli 2026 direkte betydning for planl\u00e6gning, rekruttering og investeringer. Det var is\u00e6r tydeligt i en m\u00e5ned, hvor flere nationale \u00e6ndringer tr\u00e5dte i kraft fra 1. juli og dermed p\u00e5virkede de lokale arbejdsmarkedsprocesser.[16]<\/p>\n<h2>Kort overblik<\/h2>\n<p>Juli 2026 var en m\u00e5ned, hvor de overordnede erhvervssignaler pegede i flere retninger p\u00e5 samme tid. Tilliden steg nationalt, men virksomhederne meldte fortsat om begr\u00e6nset eftersp\u00f8rgsel som den st\u00f8rste hindring for produktionen.[1] Det bet\u00f8d, at mange beslutninger i Sydjylland Kommune handlede mindre om ekspansion p\u00e5 kort sigt og mere om at holde oms\u00e6tning, bemanding og kapacitet i balance.<\/p>\n<p>Arbejdsmarkedet blev samtidig p\u00e5virket af reformer og administrative \u00e6ndringer, der tr\u00e5dte i kraft 1. juli 2026. Kommunerne fik blandt andet nye rammer for opf\u00f8lgning, digitale samtaler og sygemeldtes vej gennem systemet, og det \u00e6ndrede den m\u00e5de, virksomheder og jobcentre skulle samarbejde p\u00e5 omkring frav\u00e6r og tilbagevenden til arbejde.[16] For lokale arbejdsgivere var det is\u00e6r relevant i brancher med mange medarbejdere i skiftehold, produktion eller service.<\/p>\n<p>Samtidig viste Danmarks Statistiks kommunefakta, at Syddjurs \u2013 som den statistikside, der var tilg\u00e6ngelig i materialet, var registreret som, havde en s\u00e6sonkorrigeret ledighed p\u00e5 2,7 procent.[10] Det gav et billede af et arbejdsmarked, hvor virksomhederne fortsat skulle navigere i et relativt stramt rekrutteringsmilj\u00f8, selv om den bredere nationale eftersp\u00f8rgsel ikke var st\u00e6rk nok til at l\u00f8fte alle brancher ens.<\/p>\n<ul>\n<li><strong>National erhvervstillid:<\/strong> steg i juli, men udgangspunktet var stadig pr\u00e6get af lavere eftersp\u00f8rgsel end virksomhederne \u00f8nskede.[1]<\/li>\n<li><strong>Besk\u00e6ftigelsesregler:<\/strong> nye regler fra 1. juli p\u00e5virkede kommunal opf\u00f8lgning og sygefrav\u00e6rssager.[16]<\/li>\n<li><strong>Lokalt arbejdsmarked:<\/strong> ledighedstallene pegede p\u00e5 fortsat behov for m\u00e5lrettet rekruttering.[10]<\/li>\n<\/ul>\n<h2>Eftersp\u00f8rgslen styrede stemningen i erhvervslivet<\/h2>\n<p>Danmarks Statistik beskrev i juli 2026 en erhvervstillid, der samlet steg til 105,4 fra 101,1 i juni, og is\u00e6r detailhandel og service trak udviklingen op.[1] Det l\u00f8ftede den nationale stemning, men tallene \u00e6ndrede ikke ved, at mangel p\u00e5 eftersp\u00f8rgsel fortsat var den mest udbredte begr\u00e6nsning for produktionen. For virksomheder i Sydjylland Kommune bet\u00f8d det, at ordrer og kundestr\u00f8mme fortsat var vigtigere end optimisme alene.<\/p>\n<p>Den udvikling ramte is\u00e6r virksomheder, der lever af l\u00f8bende afs\u00e6tning p\u00e5 lokale og regionale markeder. N\u00e5r eftersp\u00f8rgslen ikke f\u00f8lger kapaciteten, bliver investeringer i udvidelser eller nyans\u00e6ttelser udskudt, selv hvis virksomheden teknisk set er klar til at vokse. Derfor var juli ikke en m\u00e5ned, hvor lokale erhvervsledere kunne l\u00e6se de nationale tal som et klart signal om fremgang; snarere som et tegn p\u00e5, at markedet stadig skulle b\u00e6re v\u00e6ksten, f\u00f8r den for alvor kunne materialiseres.[1]<\/p>\n<p>Industriens tillidsindikator steg markant til 99,2 fra 90,7, mens byggeri og anl\u00e6g faldt en anelse til 101,0.[1] Det var v\u00e6sentligt for Sydjylland Kommune, fordi kombinationen af industri, h\u00e5ndv\u00e6rk og byggeaktivitet ofte er t\u00e6t forbundet med underleverand\u00f8rer, transport og lokale serviceydelser. N\u00e5r industrien forbedres, kan det hurtigt m\u00e6rkes hos mindre leverand\u00f8rer; n\u00e5r eftersp\u00f8rgslen stadig er svag, bliver effekten mere afd\u00e6mpet og uj\u00e6vn.<\/p>\n<p>I den sammenh\u00e6ng blev juli en m\u00e5ned, hvor virksomhederne i praksis m\u00e5tte holde et t\u00e6t \u00f8je med b\u00e5de kapacitetsudnyttelse og ordreindgang. National statistik gav ikke et entydigt billede af et opsving, men af en forsigtig forbedring, der endnu ikke havde frigjort sig fra den grundl\u00e6ggende flaskehals: for f\u00e5 kunder i forhold til den samlede produktionskapacitet.[1]<\/p>\n<h2>Arbejdsmarkedet blev p\u00e5virket af nye regler fra 1. juli<\/h2>\n<p>Fra 1. juli 2026 tr\u00e5dte en r\u00e6kke besk\u00e6ftigelses\u00e6ndringer i kraft, som kommunerne skulle administrere, og som dermed fik praktisk betydning for lokale virksomheder.[16] Blandt \u00e6ndringerne var, at opf\u00f8lgningen blev \u00e6ndret, s\u00e5 der fremadrettet blev krav om mindst \u00e9n samtale inden for de f\u00f8rste seks m\u00e5neder, at kommunen fik mulighed for at afholde alle samtaler digitalt, og at sygemeldte fra besk\u00e6ftigelse, som forventedes raskmeldt inden for 26 uger, som udgangspunkt ikke l\u00e6ngere skulle til samtaler og opf\u00f8lgning i kommunen.[16]<\/p>\n<p>For virksomheder i Sydjylland Kommune bet\u00f8d det, at kontakten til jobcenter og myndigheder omkring sygefrav\u00e6r blev mere digital og p\u00e5 nogle omr\u00e5der mindre tung i de tidlige faser. Det havde betydning for s\u00e6rligt arbejdspladser med mange ansatte, hvor kortere sygdomsforl\u00f8b og administrative afklaringer kan fylde meget i driften. N\u00e5r kommunale forl\u00f8b \u00e6ndres, bliver det ikke kun et sp\u00f8rgsm\u00e5l om sagsbehandling, men ogs\u00e5 om hvor hurtigt en arbejdsplads kan planl\u00e6gge bemanding og vende tilbage til normal drift.[16]<\/p>\n<p>\u00c6ndringerne kom samtidig med, at flere social- og besk\u00e6ftigelsespolitiske rammer i kommunen fortsatte med at l\u00e6gge v\u00e6gt p\u00e5 sammenh\u00e6ngen mellem indsats og arbejdsmarkedstilknytning. Syddjurs Kommunes social- og besk\u00e6ftigelsespolitik 2023-2026 betonede netop samarbejdet mellem besk\u00e6ftigelsesindsatsen og arbejdsmarkedet, s\u00e5 flere p\u00e5 overf\u00f8rselsindkomst kunne finde vej ind p\u00e5 arbejdsmarkedet.[7] Selvom materialet ikke beskrev s\u00e6rlige juli-beslutninger i Sydjylland Kommune, var det en ramme, der viste, hvordan kommunal besk\u00e6ftigelsespolitik havde direkte betydning for arbejdskraftudbuddet lokalt.<\/p>\n<p>Det gjorde juli til en m\u00e5ned, hvor administrative \u00e6ndringer og lokal erhvervspraksis var t\u00e6t forbundne. Virksomhederne fik ikke flere ansatte af reformen i sig selv, men de fik \u00e6ndrede vilk\u00e5r for den dialog, der skal f\u00e5 sygemeldte hurtigere tilbage i arbejde og underst\u00f8tte en mere effektiv h\u00e5ndtering af frav\u00e6r.[16][7]<\/p>\n<table>\n<thead>\n<tr>\n<th>Fokusomr\u00e5de<\/th>\n<th>Hvad \u00e6ndrede sig i juli 2026<\/th>\n<th>Betydning for virksomheder<\/th>\n<\/tr>\n<\/thead>\n<tbody>\n<tr>\n<td>Opf\u00f8lgning<\/td>\n<td>Mindst \u00e9n samtale inden for de f\u00f8rste seks m\u00e5neder<\/td>\n<td>Mere forudsigelig administration i frav\u00e6rssager<\/td>\n<\/tr>\n<tr>\n<td>Digitalisering<\/td>\n<td>Alle samtaler kunne afholdes digitalt<\/td>\n<td>Lettere koordinering for arbejdsgivere med travl drift<\/td>\n<\/tr>\n<tr>\n<td>Sygemeldte<\/td>\n<td>Visse sager blev undtaget fra l\u00f8bende opf\u00f8lgning<\/td>\n<td>Mindre sagsbelastning i forl\u00f8b med kort forventet varighed<\/td>\n<\/tr>\n<\/tbody>\n<\/table>\n<h2>Lokal rekruttering stod fortsat under pres<\/h2>\n<p>Ledighedstallene i Danmarks Statistiks kommunefakta viste for Syddjurs en s\u00e6sonkorrigeret ledighed p\u00e5 2,7 procent.[10] Den oplysning var ikke en direkte juli-nyhed i sig selv, men den gav et vigtigt billede af et arbejdsmarked, hvor virksomheder stadig skulle konkurrere om arbejdskraft. I en kommune som Sydjylland Kommune blev det is\u00e6r relevant for virksomheder, der rekrutterer bredt og ikke kun gennem specialiserede fagl\u00e6rte profiler.<\/p>\n<p>Et stramt arbejdsmarked \u00e6ndrer virksomhedernes adf\u00e6rd. N\u00e5r ledigheden er lav, bliver det sv\u00e6rere at rekruttere hurtigt, og arbejdsgiverne m\u00e5 oftere bruge tid p\u00e5 opl\u00e6ring, fastholdelse og interne omrokeringer. Det g\u00e6lder s\u00e6rligt i service, produktion og byggeri, hvor selv mindre bemandingshuller kan f\u00e5 direkte konsekvenser for leveringstider og kundeservice. Det var derfor ikke kun et sp\u00f8rgsm\u00e5l om, hvor mange ledige der var, men om hvor hurtigt de lokale virksomheder kunne f\u00e5 de rette kompetencer i spil.[10]<\/p>\n<p>Det nationale billede underst\u00f8ttede samme pointe. Selvom erhvervstilliden steg, var virksomhedernes st\u00f8rste begr\u00e6nsning fortsat eftersp\u00f8rgslen, ikke manglen p\u00e5 vilje til at ans\u00e6tte.[1] I praksis betyder det, at virksomheder i Sydjylland Kommune stod med to samtidige udfordringer: at f\u00e5 ordrer nok til at retf\u00e6rdigg\u00f8re v\u00e6kst og samtidig finde medarbejdere nok til at kunne levere, n\u00e5r v\u00e6ksten kom. Den kombination gjorde juli til en m\u00e5ned med fokus p\u00e5 b\u00e5de marked og bemanding.<\/p>\n<p>For det lokale erhvervsliv havde det ogs\u00e5 en sideeffekt i forhold til fastholdelse. N\u00e5r nye regler og digitalisering g\u00f8r kommunale forl\u00f8b lettere, kan det underst\u00f8tte hurtigere tilbagevenden til arbejde, men virksomhederne er stadig afh\u00e6ngige af, at de kan planl\u00e6gge p\u00e5 et arbejdsmarked, hvor hvert ledigt job og hver ledig medarbejder t\u00e6ller. Det var is\u00e6r m\u00e6rkbart i mindre og mellemstore virksomheder, som ofte har f\u00e6rre buffere i driften end st\u00f8rre koncerner.[16][10]<\/p>\n<h2>Kommunale rammer og erhvervslivets spilleregler<\/h2>\n<p>Kommunens langsigtede erhvervsrammer havde fortsat betydning i juli 2026, fordi lokale virksomheder ikke kun lever af konjunkturer, men ogs\u00e5 af adgang til jord, netv\u00e6rk og samarbejde med kommunen. I Syddjurs Kommunes udviklingsstrategi blev der blandt andet lagt v\u00e6gt p\u00e5 plads til erhvervsudvikling, iv\u00e6rks\u00e6tteri, erhvervsnetv\u00e6rk og samarbejde med erhvervsorganisationer om bedre rammebetingelser for b\u00e5de nye og eksisterende virksomheder.[3] Selvom strategien ikke var ny i juli, dannede den en ramme for, hvordan lokale beslutninger blev vurderet i erhvervslivet.<\/p>\n<p>Det var s\u00e6rligt vigtigt i en m\u00e5ned som juli, hvor de nationale eftersp\u00f8rgselstal ikke gav et klart v\u00e6kstsignal. N\u00e5r markedet er usikkert, bliver kommunale rammevilk\u00e5r mere afg\u00f8rende for, om virksomheder t\u00f8r holde fast i investeringer eller vente. Adgang til erhvervsjord, muligheder for at etablere sig og et velfungerende samarbejde med erhvervsakt\u00f8rer kan derfor f\u00e5 st\u00f8rre betydning, n\u00e5r den generelle konjunktur ikke i sig selv tr\u00e6kker udviklingen fremad.[3]<\/p>\n<p>Derudover viste materialet fra Samsoe Kommune, at kommunale erhvervsplaner i denne periode ofte ogs\u00e5 omfattede kortl\u00e6gning af behov for erhvervsjord, byggegrunde og overnatningskapacitet.[9] Selvom det var en anden kommune, pegede det p\u00e5 et bredere regionalt m\u00f8nster: Kommuner arbejdede mere systematisk med at skabe plads til virksomheder og bes\u00f8gs\u00f8konomi. For Sydjylland Kommune bet\u00f8d den tilgang, at erhvervspolitik ikke kun handlede om service, men om konkrete fysiske rammer, som p\u00e5virker, hvor virksomheder kan etablere sig og vokse.[9]<\/p>\n<p>Det gjorde juli til en m\u00e5ned, hvor kommunale rammebetingelser og erhvervslivets daglige drift m\u00f8dtes i samme analyse. Virksomhederne blev ikke hjulpet af optimisme alene, men af de konkrete strukturer, der g\u00f8r det muligt at ans\u00e6tte, udvide og fastholde aktivitet, n\u00e5r markedet igen bliver st\u00e6rkere.[3][9]<\/p>\n<h2>Kilder<\/h2>\n<ul>\n<li><a href=\"https:\/\/www.dst.dk\/nyt\/52462\" target=\"_blank\" rel=\"nofollow\">Danmarks Statistik: Mangel p\u00e5 eftersp\u00f8rgsel begr\u00e6nser erhvervslivet<\/a><\/li>\n<li><a href=\"https:\/\/www.dst.dk\/da\/Statistik\/kommunekort\/kommunefakta\/kommune?kom=706\" target=\"_blank\" rel=\"nofollow\">Danmarks Statistik: Kommunefakta for Syddjurs<\/a><\/li>\n<li><a href=\"https:\/\/www.syddjurs.dk\/politik\/politikker-og-strategier\/politikker\/social-og-beskaeftigelsespolitik-2023-2026\" target=\"_blank\" rel=\"nofollow\">Syddjurs Kommune: Social- og besk\u00e6ftigelsespolitik 2023-2026<\/a><\/li>\n<li><a href=\"https:\/\/kommuneplan20.syddjurs.dk\/media\/1142\/30\/emmaalsaetningeremudviklingsstrategi.pdf\" target=\"_blank\" rel=\"nofollow\">Syddjurs Kommune: Udviklingsstrategi og m\u00e5l for erhverv<\/a><\/li>\n<li><a href=\"https:\/\/star.dk\/implementering\/beskaeftigelsesreform\/spoergsmaal-og-svar-om-reformen\" target=\"_blank\" rel=\"nofollow\">Styrelsen for Arbejdsmarked og Rekruttering: Sp\u00f8rgsm\u00e5l og svar om reformen<\/a><\/li>\n<\/ul>\n","protected":false},"excerpt":{"rendered":"<p>I juli 2026 var erhvervslivet i Sydjylland Kommune pr\u00e6get af en blanding af kortsigtet usikkerhed og l\u00e6ngerevarende tilpasninger. P\u00e5 landsplan steg erhvervstillidsindikatoren til 105,4 i juli, men Danmarks Statistik pegede samtidig p\u00e5, at mangel p\u00e5 eftersp\u00f8rgsel fortsat var den mest udbredte begr\u00e6nsning for virksomhedernes produktion p\u00e5 tv\u00e6rs af industri, byggeri og service. For virksomheder i&#8230;<\/p>\n","protected":false},"author":3,"featured_media":86,"comment_status":"open","ping_status":"open","sticky":false,"template":"","format":"standard","meta":{"_kad_post_transparent":"","_kad_post_title":"","_kad_post_layout":"","_kad_post_sidebar_id":"","_kad_post_content_style":"","_kad_post_vertical_padding":"","_kad_post_feature":"","_kad_post_feature_position":"","_kad_post_header":false,"_kad_post_footer":false,"_kad_post_classname":"","footnotes":""},"categories":[4],"tags":[],"class_list":["post-85","post","type-post","status-publish","format-standard","has-post-thumbnail","hentry","category-business"],"yoast_head":"<!-- This site is optimized with the Yoast SEO plugin v28.3 - https:\/\/yoast.com\/product\/yoast-seo-wordpress\/ -->\n<title>Business i Sydjylland: Eftersp\u00f8rgsel, job og nye regler pr\u00e6gede m\u00e5neden - BusinessSydjylland<\/title>\n<meta name=\"robots\" content=\"index, follow, max-snippet:-1, max-image-preview:large, max-video-preview:-1\" \/>\n<link rel=\"canonical\" href=\"https:\/\/businesssydjylland.dk\/?p=85\" \/>\n<meta property=\"og:locale\" content=\"da_DK\" \/>\n<meta property=\"og:type\" content=\"article\" \/>\n<meta property=\"og:title\" content=\"Business i Sydjylland: Eftersp\u00f8rgsel, job og nye regler pr\u00e6gede m\u00e5neden - BusinessSydjylland\" \/>\n<meta property=\"og:description\" content=\"I juli 2026 var erhvervslivet i Sydjylland Kommune pr\u00e6get af en blanding af kortsigtet usikkerhed og l\u00e6ngerevarende tilpasninger. P\u00e5 landsplan steg erhvervstillidsindikatoren til 105,4 i juli, men Danmarks Statistik pegede samtidig p\u00e5, at mangel p\u00e5 eftersp\u00f8rgsel fortsat var den mest udbredte begr\u00e6nsning for virksomhedernes produktion p\u00e5 tv\u00e6rs af industri, byggeri og service. For virksomheder i...\" \/>\n<meta property=\"og:url\" content=\"https:\/\/businesssydjylland.dk\/?p=85\" \/>\n<meta property=\"og:site_name\" content=\"BusinessSydjylland\" \/>\n<meta property=\"article:published_time\" content=\"2026-08-07T00:25:09+00:00\" \/>\n<meta name=\"author\" content=\"Nyheder om business\" \/>\n<meta name=\"twitter:card\" content=\"summary_large_image\" \/>\n<meta name=\"twitter:label1\" content=\"Skrevet af\" \/>\n\t<meta name=\"twitter:data1\" content=\"Nyheder om business\" \/>\n\t<meta name=\"twitter:label2\" content=\"Estimeret l\u00e6setid\" \/>\n\t<meta name=\"twitter:data2\" content=\"9 minutter\" \/>\n<script type=\"application\/ld+json\" class=\"yoast-schema-graph\">{\"@context\":\"https:\\\/\\\/schema.org\",\"@graph\":[{\"@type\":\"Article\",\"@id\":\"https:\\\/\\\/businesssydjylland.dk\\\/?p=85#article\",\"isPartOf\":{\"@id\":\"https:\\\/\\\/businesssydjylland.dk\\\/?p=85\"},\"author\":{\"name\":\"Nyheder om business\",\"@id\":\"https:\\\/\\\/businesssydjylland.dk\\\/#\\\/schema\\\/person\\\/0a67f07da6ef67613864043224a9cc67\"},\"headline\":\"Business i Sydjylland: Eftersp\u00f8rgsel, job og nye regler pr\u00e6gede m\u00e5neden\",\"datePublished\":\"2026-08-07T00:25:09+00:00\",\"mainEntityOfPage\":{\"@id\":\"https:\\\/\\\/businesssydjylland.dk\\\/?p=85\"},\"wordCount\":1748,\"commentCount\":0,\"image\":{\"@id\":\"https:\\\/\\\/businesssydjylland.dk\\\/?p=85#primaryimage\"},\"thumbnailUrl\":\"https:\\\/\\\/businesssydjylland.dk\\\/wp-content\\\/uploads\\\/2026\\\/08\\\/erhverv-07-2026.png\",\"articleSection\":[\"Business\"],\"inLanguage\":\"da-DK\",\"potentialAction\":[{\"@type\":\"CommentAction\",\"name\":\"Comment\",\"target\":[\"https:\\\/\\\/businesssydjylland.dk\\\/?p=85#respond\"]}]},{\"@type\":\"WebPage\",\"@id\":\"https:\\\/\\\/businesssydjylland.dk\\\/?p=85\",\"url\":\"https:\\\/\\\/businesssydjylland.dk\\\/?p=85\",\"name\":\"Business i Sydjylland: Eftersp\u00f8rgsel, job og nye regler pr\u00e6gede m\u00e5neden - BusinessSydjylland\",\"isPartOf\":{\"@id\":\"https:\\\/\\\/businesssydjylland.dk\\\/#website\"},\"primaryImageOfPage\":{\"@id\":\"https:\\\/\\\/businesssydjylland.dk\\\/?p=85#primaryimage\"},\"image\":{\"@id\":\"https:\\\/\\\/businesssydjylland.dk\\\/?p=85#primaryimage\"},\"thumbnailUrl\":\"https:\\\/\\\/businesssydjylland.dk\\\/wp-content\\\/uploads\\\/2026\\\/08\\\/erhverv-07-2026.png\",\"datePublished\":\"2026-08-07T00:25:09+00:00\",\"author\":{\"@id\":\"https:\\\/\\\/businesssydjylland.dk\\\/#\\\/schema\\\/person\\\/0a67f07da6ef67613864043224a9cc67\"},\"breadcrumb\":{\"@id\":\"https:\\\/\\\/businesssydjylland.dk\\\/?p=85#breadcrumb\"},\"inLanguage\":\"da-DK\",\"potentialAction\":[{\"@type\":\"ReadAction\",\"target\":[\"https:\\\/\\\/businesssydjylland.dk\\\/?p=85\"]}]},{\"@type\":\"ImageObject\",\"inLanguage\":\"da-DK\",\"@id\":\"https:\\\/\\\/businesssydjylland.dk\\\/?p=85#primaryimage\",\"url\":\"https:\\\/\\\/businesssydjylland.dk\\\/wp-content\\\/uploads\\\/2026\\\/08\\\/erhverv-07-2026.png\",\"contentUrl\":\"https:\\\/\\\/businesssydjylland.dk\\\/wp-content\\\/uploads\\\/2026\\\/08\\\/erhverv-07-2026.png\",\"width\":1792,\"height\":1024},{\"@type\":\"BreadcrumbList\",\"@id\":\"https:\\\/\\\/businesssydjylland.dk\\\/?p=85#breadcrumb\",\"itemListElement\":[{\"@type\":\"ListItem\",\"position\":1,\"name\":\"Home\",\"item\":\"https:\\\/\\\/businesssydjylland.dk\\\/\"},{\"@type\":\"ListItem\",\"position\":2,\"name\":\"Business i Sydjylland: Eftersp\u00f8rgsel, job og nye regler pr\u00e6gede m\u00e5neden\"}]},{\"@type\":\"WebSite\",\"@id\":\"https:\\\/\\\/businesssydjylland.dk\\\/#website\",\"url\":\"https:\\\/\\\/businesssydjylland.dk\\\/\",\"name\":\"BusinessSydjylland\",\"description\":\"Nyheder om business i Sydjylland\",\"potentialAction\":[{\"@type\":\"SearchAction\",\"target\":{\"@type\":\"EntryPoint\",\"urlTemplate\":\"https:\\\/\\\/businesssydjylland.dk\\\/?s={search_term_string}\"},\"query-input\":{\"@type\":\"PropertyValueSpecification\",\"valueRequired\":true,\"valueName\":\"search_term_string\"}}],\"inLanguage\":\"da-DK\"},{\"@type\":\"Person\",\"@id\":\"https:\\\/\\\/businesssydjylland.dk\\\/#\\\/schema\\\/person\\\/0a67f07da6ef67613864043224a9cc67\",\"name\":\"Nyheder om business\",\"image\":{\"@type\":\"ImageObject\",\"inLanguage\":\"da-DK\",\"@id\":\"https:\\\/\\\/secure.gravatar.com\\\/avatar\\\/0f949e5704e91897c5f0f80d6e640e20b2dee0f10f3bf886d9111d6a41e5c7a2?s=96&d=mm&r=g\",\"url\":\"https:\\\/\\\/secure.gravatar.com\\\/avatar\\\/0f949e5704e91897c5f0f80d6e640e20b2dee0f10f3bf886d9111d6a41e5c7a2?s=96&d=mm&r=g\",\"contentUrl\":\"https:\\\/\\\/secure.gravatar.com\\\/avatar\\\/0f949e5704e91897c5f0f80d6e640e20b2dee0f10f3bf886d9111d6a41e5c7a2?s=96&d=mm&r=g\",\"caption\":\"Nyheder om business\"},\"url\":\"https:\\\/\\\/businesssydjylland.dk\\\/?author=3\"}]}<\/script>\n<!-- \/ Yoast SEO plugin. -->","yoast_head_json":{"title":"Business i Sydjylland: Eftersp\u00f8rgsel, job og nye regler pr\u00e6gede m\u00e5neden - BusinessSydjylland","robots":{"index":"index","follow":"follow","max-snippet":"max-snippet:-1","max-image-preview":"max-image-preview:large","max-video-preview":"max-video-preview:-1"},"canonical":"https:\/\/businesssydjylland.dk\/?p=85","og_locale":"da_DK","og_type":"article","og_title":"Business i Sydjylland: Eftersp\u00f8rgsel, job og nye regler pr\u00e6gede m\u00e5neden - BusinessSydjylland","og_description":"I juli 2026 var erhvervslivet i Sydjylland Kommune pr\u00e6get af en blanding af kortsigtet usikkerhed og l\u00e6ngerevarende tilpasninger. P\u00e5 landsplan steg erhvervstillidsindikatoren til 105,4 i juli, men Danmarks Statistik pegede samtidig p\u00e5, at mangel p\u00e5 eftersp\u00f8rgsel fortsat var den mest udbredte begr\u00e6nsning for virksomhedernes produktion p\u00e5 tv\u00e6rs af industri, byggeri og service. For virksomheder i...","og_url":"https:\/\/businesssydjylland.dk\/?p=85","og_site_name":"BusinessSydjylland","article_published_time":"2026-08-07T00:25:09+00:00","author":"Nyheder om business","twitter_card":"summary_large_image","twitter_misc":{"Skrevet af":"Nyheder om business","Estimeret l\u00e6setid":"9 minutter"},"schema":{"@context":"https:\/\/schema.org","@graph":[{"@type":"Article","@id":"https:\/\/businesssydjylland.dk\/?p=85#article","isPartOf":{"@id":"https:\/\/businesssydjylland.dk\/?p=85"},"author":{"name":"Nyheder om business","@id":"https:\/\/businesssydjylland.dk\/#\/schema\/person\/0a67f07da6ef67613864043224a9cc67"},"headline":"Business i Sydjylland: Eftersp\u00f8rgsel, job og nye regler pr\u00e6gede m\u00e5neden","datePublished":"2026-08-07T00:25:09+00:00","mainEntityOfPage":{"@id":"https:\/\/businesssydjylland.dk\/?p=85"},"wordCount":1748,"commentCount":0,"image":{"@id":"https:\/\/businesssydjylland.dk\/?p=85#primaryimage"},"thumbnailUrl":"https:\/\/businesssydjylland.dk\/wp-content\/uploads\/2026\/08\/erhverv-07-2026.png","articleSection":["Business"],"inLanguage":"da-DK","potentialAction":[{"@type":"CommentAction","name":"Comment","target":["https:\/\/businesssydjylland.dk\/?p=85#respond"]}]},{"@type":"WebPage","@id":"https:\/\/businesssydjylland.dk\/?p=85","url":"https:\/\/businesssydjylland.dk\/?p=85","name":"Business i Sydjylland: Eftersp\u00f8rgsel, job og nye regler pr\u00e6gede m\u00e5neden - BusinessSydjylland","isPartOf":{"@id":"https:\/\/businesssydjylland.dk\/#website"},"primaryImageOfPage":{"@id":"https:\/\/businesssydjylland.dk\/?p=85#primaryimage"},"image":{"@id":"https:\/\/businesssydjylland.dk\/?p=85#primaryimage"},"thumbnailUrl":"https:\/\/businesssydjylland.dk\/wp-content\/uploads\/2026\/08\/erhverv-07-2026.png","datePublished":"2026-08-07T00:25:09+00:00","author":{"@id":"https:\/\/businesssydjylland.dk\/#\/schema\/person\/0a67f07da6ef67613864043224a9cc67"},"breadcrumb":{"@id":"https:\/\/businesssydjylland.dk\/?p=85#breadcrumb"},"inLanguage":"da-DK","potentialAction":[{"@type":"ReadAction","target":["https:\/\/businesssydjylland.dk\/?p=85"]}]},{"@type":"ImageObject","inLanguage":"da-DK","@id":"https:\/\/businesssydjylland.dk\/?p=85#primaryimage","url":"https:\/\/businesssydjylland.dk\/wp-content\/uploads\/2026\/08\/erhverv-07-2026.png","contentUrl":"https:\/\/businesssydjylland.dk\/wp-content\/uploads\/2026\/08\/erhverv-07-2026.png","width":1792,"height":1024},{"@type":"BreadcrumbList","@id":"https:\/\/businesssydjylland.dk\/?p=85#breadcrumb","itemListElement":[{"@type":"ListItem","position":1,"name":"Home","item":"https:\/\/businesssydjylland.dk\/"},{"@type":"ListItem","position":2,"name":"Business i Sydjylland: Eftersp\u00f8rgsel, job og nye regler pr\u00e6gede m\u00e5neden"}]},{"@type":"WebSite","@id":"https:\/\/businesssydjylland.dk\/#website","url":"https:\/\/businesssydjylland.dk\/","name":"BusinessSydjylland","description":"Nyheder om business i Sydjylland","potentialAction":[{"@type":"SearchAction","target":{"@type":"EntryPoint","urlTemplate":"https:\/\/businesssydjylland.dk\/?s={search_term_string}"},"query-input":{"@type":"PropertyValueSpecification","valueRequired":true,"valueName":"search_term_string"}}],"inLanguage":"da-DK"},{"@type":"Person","@id":"https:\/\/businesssydjylland.dk\/#\/schema\/person\/0a67f07da6ef67613864043224a9cc67","name":"Nyheder om business","image":{"@type":"ImageObject","inLanguage":"da-DK","@id":"https:\/\/secure.gravatar.com\/avatar\/0f949e5704e91897c5f0f80d6e640e20b2dee0f10f3bf886d9111d6a41e5c7a2?s=96&d=mm&r=g","url":"https:\/\/secure.gravatar.com\/avatar\/0f949e5704e91897c5f0f80d6e640e20b2dee0f10f3bf886d9111d6a41e5c7a2?s=96&d=mm&r=g","contentUrl":"https:\/\/secure.gravatar.com\/avatar\/0f949e5704e91897c5f0f80d6e640e20b2dee0f10f3bf886d9111d6a41e5c7a2?s=96&d=mm&r=g","caption":"Nyheder om business"},"url":"https:\/\/businesssydjylland.dk\/?author=3"}]}},"_links":{"self":[{"href":"https:\/\/businesssydjylland.dk\/index.php?rest_route=\/wp\/v2\/posts\/85","targetHints":{"allow":["GET"]}}],"collection":[{"href":"https:\/\/businesssydjylland.dk\/index.php?rest_route=\/wp\/v2\/posts"}],"about":[{"href":"https:\/\/businesssydjylland.dk\/index.php?rest_route=\/wp\/v2\/types\/post"}],"author":[{"embeddable":true,"href":"https:\/\/businesssydjylland.dk\/index.php?rest_route=\/wp\/v2\/users\/3"}],"replies":[{"embeddable":true,"href":"https:\/\/businesssydjylland.dk\/index.php?rest_route=%2Fwp%2Fv2%2Fcomments&post=85"}],"version-history":[{"count":0,"href":"https:\/\/businesssydjylland.dk\/index.php?rest_route=\/wp\/v2\/posts\/85\/revisions"}],"wp:featuredmedia":[{"embeddable":true,"href":"https:\/\/businesssydjylland.dk\/index.php?rest_route=\/wp\/v2\/media\/86"}],"wp:attachment":[{"href":"https:\/\/businesssydjylland.dk\/index.php?rest_route=%2Fwp%2Fv2%2Fmedia&parent=85"}],"wp:term":[{"taxonomy":"category","embeddable":true,"href":"https:\/\/businesssydjylland.dk\/index.php?rest_route=%2Fwp%2Fv2%2Fcategories&post=85"},{"taxonomy":"post_tag","embeddable":true,"href":"https:\/\/businesssydjylland.dk\/index.php?rest_route=%2Fwp%2Fv2%2Ftags&post=85"}],"curies":[{"name":"wp","href":"https:\/\/api.w.org\/{rel}","templated":true}]}}